{"id":3370,"date":"2026-09-01T14:16:38","date_gmt":"2026-09-01T14:16:38","guid":{"rendered":"https:\/\/comunidade.aemirandela.pt\/comunidade\/?p=3370"},"modified":"2026-09-01T14:16:39","modified_gmt":"2026-09-01T14:16:39","slug":"aviso-mudanca-de-turma","status":"publish","type":"post","link":"https:\/\/comunidade.aemirandela.pt\/comunidade\/2026\/09\/01\/aviso-mudanca-de-turma\/","title":{"rendered":"Aviso &#8211; Mudan\u00e7a de Turma"},"content":{"rendered":"\n<p>OS PEDIDOS DE EVENTUAIS MUDAN\u00c7A DE TURMA, POR MOTIVOS PARTICULARES, DEVEM SER ENTREGUES NOS SERVI\u00c7OS ADMINISTRATIVOS DA ESCOLA SEDE DO AGRUPAMENTO DE ESCOLAS DE MIRANDELA AT\u00c9 \u00c0S 16.30 HORAS DO PR\u00d3XIMO DIA 8 DE SETEMBRO, UTILIZANDO O MODELO, FORNECIDO PELOS SERVI\u00c7OS ADMINISTRATIVOS DO AGRUPAMENTO DE ESCOLAS.<\/p>\n\n\n\n<p>OS CRIT\u00c9RIOS DE AN\u00c1LISE SER\u00c3O OS SEGUINTES:<br>1\u00ba &#8211; EXIST\u00caNCIA DE VAGA NA TURMA PRETENDIDA<br>2\u00ba &#8211; MOTIVO APRESENTADO PARA A MUDAN\u00c7A<br>3\u00ba &#8211; DATA DE ENTRADA DO PEDIDO<\/p>\n\n\n\n<h2 class=\"wp-block-heading\">Requerimento Mudan\u00e7a Turma<\/h2>\n\n\n\n<div data-wp-interactive=\"core\/file\" class=\"wp-block-file\"><object data-wp-bind--hidden=\"!state.hasPdfPreview\" hidden class=\"wp-block-file__embed\" data=\"https:\/\/comunidade.aemirandela.pt\/comunidade\/wp-content\/uploads\/2026\/09\/Requerimento-mudanca-turma-2026_2027.pdf\" type=\"application\/pdf\" style=\"width:100%;height:600px\" aria-label=\"Incorpora\u00e7\u00e3o de Requerimento mudan\u00e7a turma 2026_2027.\"><\/object><a id=\"wp-block-file--media-963ec179-4826-410e-9557-f42b0518d33a\" href=\"https:\/\/comunidade.aemirandela.pt\/comunidade\/wp-content\/uploads\/2026\/09\/Requerimento-mudanca-turma-2026_2027.pdf\">Requerimento mudan\u00e7a turma 2026_2027<\/a><a href=\"https:\/\/comunidade.aemirandela.pt\/comunidade\/wp-content\/uploads\/2026\/09\/Requerimento-mudanca-turma-2026_2027.pdf\" class=\"wp-block-file__button wp-element-button\" download aria-describedby=\"wp-block-file--media-963ec179-4826-410e-9557-f42b0518d33a\">Descarregar<\/a><\/div>\n\n\n\n<div data-wp-interactive=\"core\/file\" class=\"wp-block-file\"><object data-wp-bind--hidden=\"!state.hasPdfPreview\" hidden class=\"wp-block-file__embed\" data=\"https:\/\/comunidade.aemirandela.pt\/comunidade\/wp-content\/uploads\/2026\/09\/Aviso-Pedido-mudanca-turma-2026-2027.pdf\" type=\"application\/pdf\" style=\"width:100%;height:600px\" aria-label=\"Incorpora\u00e7\u00e3o de Aviso Pedido mudan\u00e7a turma 2026-2027.\"><\/object><a id=\"wp-block-file--media-4d302b5b-ae20-42f5-a09c-0ba469f5b4c1\" href=\"https:\/\/comunidade.aemirandela.pt\/comunidade\/wp-content\/uploads\/2026\/09\/Aviso-Pedido-mudanca-turma-2026-2027.pdf\">Aviso Pedido mudan\u00e7a turma 2026-2027<\/a><a href=\"https:\/\/comunidade.aemirandela.pt\/comunidade\/wp-content\/uploads\/2026\/09\/Aviso-Pedido-mudanca-turma-2026-2027.pdf\" class=\"wp-block-file__button wp-element-button\" download aria-describedby=\"wp-block-file--media-4d302b5b-ae20-42f5-a09c-0ba469f5b4c1\">Descarregar<\/a><\/div>\n","protected":false},"excerpt":{"rendered":"<p>OS PEDIDOS DE EVENTUAIS MUDAN\u00c7A DE TURMA, POR MOTIVOS PARTICULARES, DEVEM SER ENTREGUES NOS SERVI\u00c7OS ADMINISTRATIVOS DA ESCOLA SEDE DO &hellip; <\/p>\n","protected":false},"author":1,"featured_media":1784,"comment_status":"closed","ping_status":"closed","sticky":false,"template":"","format":"standard","meta":{"footnotes":""},"categories":[23],"tags":[],"class_list":["post-3370","post","type-post","status-publish","format-standard","has-post-thumbnail","hentry","category-avisos"],"_links":{"self":[{"href":"https:\/\/comunidade.aemirandela.pt\/comunidade\/wp-json\/wp\/v2\/posts\/3370","targetHints":{"allow":["GET"]}}],"collection":[{"href":"https:\/\/comunidade.aemirandela.pt\/comunidade\/wp-json\/wp\/v2\/posts"}],"about":[{"href":"https:\/\/comunidade.aemirandela.pt\/comunidade\/wp-json\/wp\/v2\/types\/post"}],"author":[{"embeddable":true,"href":"https:\/\/comunidade.aemirandela.pt\/comunidade\/wp-json\/wp\/v2\/users\/1"}],"replies":[{"embeddable":true,"href":"https:\/\/comunidade.aemirandela.pt\/comunidade\/wp-json\/wp\/v2\/comments?post=3370"}],"version-history":[{"count":1,"href":"https:\/\/comunidade.aemirandela.pt\/comunidade\/wp-json\/wp\/v2\/posts\/3370\/revisions"}],"predecessor-version":[{"id":3373,"href":"https:\/\/comunidade.aemirandela.pt\/comunidade\/wp-json\/wp\/v2\/posts\/3370\/revisions\/3373"}],"wp:featuredmedia":[{"embeddable":true,"href":"https:\/\/comunidade.aemirandela.pt\/comunidade\/wp-json\/wp\/v2\/media\/1784"}],"wp:attachment":[{"href":"https:\/\/comunidade.aemirandela.pt\/comunidade\/wp-json\/wp\/v2\/media?parent=3370"}],"wp:term":[{"taxonomy":"category","embeddable":true,"href":"https:\/\/comunidade.aemirandela.pt\/comunidade\/wp-json\/wp\/v2\/categories?post=3370"},{"taxonomy":"post_tag","embeddable":true,"href":"https:\/\/comunidade.aemirandela.pt\/comunidade\/wp-json\/wp\/v2\/tags?post=3370"}],"curies":[{"name":"wp","href":"https:\/\/api.w.org\/{rel}","templated":true}]}}