{"id":3176,"date":"2026-04-30T07:51:47","date_gmt":"2026-04-30T07:51:47","guid":{"rendered":"https:\/\/comunidade.aemirandela.pt\/comunidade\/?p=3176"},"modified":"2026-04-30T07:51:47","modified_gmt":"2026-04-30T07:51:47","slug":"selo-escola-etwinning-2026-2027-etwinning-school-label","status":"publish","type":"post","link":"https:\/\/comunidade.aemirandela.pt\/comunidade\/2026\/04\/30\/selo-escola-etwinning-2026-2027-etwinning-school-label\/","title":{"rendered":"Selo Escola eTwinning 2026-2027 \u2013 eTwinning School Label"},"content":{"rendered":"\n<p>O Agrupamento de Escolas de Mirandela foi distinguido com o Selo Escola eTwinning 2026-2027, um reconhecimento europeu que valoriza o envolvimento, o compromisso e a dedica\u00e7\u00e3o de toda a comunidade escolar no desenvolvimento de pr\u00e1ticas educativas inovadoras, colaborativas e inclusivas. Este selo reconhece n\u00e3o apenas o trabalho individual dos participantes no projeto eTwinning, mas tamb\u00e9m a a\u00e7\u00e3o conjunta de equipas de docentes, lideran\u00e7a escolar e alunos, destacando a import\u00e2ncia da lideran\u00e7a partilhada, da colabora\u00e7\u00e3o, do trabalho em equipa, da participa\u00e7\u00e3o ativa dos alunos, da inclus\u00e3o e da inova\u00e7\u00e3o. As Escolas eTwinning s\u00e3o reconhecidas, a n\u00edvel europeu, como exemplos de boas pr\u00e1ticas e integram uma rede de escolas de refer\u00eancia, que contribuem para inspirar o futuro do projeto. Esta distin\u00e7\u00e3o confere maior visibilidade europeia ao Agrupamento e possibilita a participa\u00e7\u00e3o em iniciativas espec\u00edficas de colabora\u00e7\u00e3o, partilha de pr\u00e1ticas, desenvolvimento profissional e eventos online. O Agrupamento de Escolas de Mirandela congratula-se com esta distin\u00e7\u00e3o, que refor\u00e7a o seu compromisso com uma educa\u00e7\u00e3o aberta \u00e0 Europa, promotora da cidadania, da inova\u00e7\u00e3o pedag\u00f3gica e da coopera\u00e7\u00e3o entre escolas. Parab\u00e9ns a todos os alunos, docentes, lideran\u00e7a e restante comunidade educativa que contribu\u00edram para este reconhecimento.<\/p>\n\n\n\n<p class=\"has-text-align-center\"><a href=\"https:\/\/school-education.ec.europa.eu\/en\/etwinning\/labels\/etwinning-school-label\"><strong>https:\/\/school-education.ec.europa.eu\/en\/etwinning\/labels\/etwinning-school-label<\/strong><\/a><\/p>\n\n\n\n<div data-wp-interactive=\"core\/file\" class=\"wp-block-file\"><object data-wp-bind--hidden=\"!state.hasPdfPreview\" hidden class=\"wp-block-file__embed\" data=\"https:\/\/comunidade.aemirandela.pt\/comunidade\/wp-content\/uploads\/2026\/04\/school_label_application_award_label_2026-2027-1-Maria-Jose-Pereira.pdf\" type=\"application\/pdf\" style=\"width:100%;height:600px\" aria-label=\"Incorpora\u00e7\u00e3o de school_label_application_award_label_2026-2027 (1) - Maria Jos\u00e9 Pereira.\"><\/object><a id=\"wp-block-file--media-fe053942-28ab-4b27-b36b-3d7f91e2ace4\" href=\"https:\/\/comunidade.aemirandela.pt\/comunidade\/wp-content\/uploads\/2026\/04\/school_label_application_award_label_2026-2027-1-Maria-Jose-Pereira.pdf\">school_label_application_award_label_2026-2027 (1) &#8211; Maria Jos\u00e9 Pereira<\/a><a href=\"https:\/\/comunidade.aemirandela.pt\/comunidade\/wp-content\/uploads\/2026\/04\/school_label_application_award_label_2026-2027-1-Maria-Jose-Pereira.pdf\" class=\"wp-block-file__button wp-element-button\" download aria-describedby=\"wp-block-file--media-fe053942-28ab-4b27-b36b-3d7f91e2ace4\">Descarregar<\/a><\/div>\n","protected":false},"excerpt":{"rendered":"<p>O Agrupamento de Escolas de Mirandela foi distinguido com o Selo Escola eTwinning 2026-2027, um reconhecimento europeu que valoriza o &hellip; <\/p>\n","protected":false},"author":1,"featured_media":3177,"comment_status":"closed","ping_status":"closed","sticky":false,"template":"","format":"standard","meta":{"footnotes":""},"categories":[3],"tags":[],"class_list":["post-3176","post","type-post","status-publish","format-standard","has-post-thumbnail","hentry","category-akademia"],"_links":{"self":[{"href":"https:\/\/comunidade.aemirandela.pt\/comunidade\/wp-json\/wp\/v2\/posts\/3176","targetHints":{"allow":["GET"]}}],"collection":[{"href":"https:\/\/comunidade.aemirandela.pt\/comunidade\/wp-json\/wp\/v2\/posts"}],"about":[{"href":"https:\/\/comunidade.aemirandela.pt\/comunidade\/wp-json\/wp\/v2\/types\/post"}],"author":[{"embeddable":true,"href":"https:\/\/comunidade.aemirandela.pt\/comunidade\/wp-json\/wp\/v2\/users\/1"}],"replies":[{"embeddable":true,"href":"https:\/\/comunidade.aemirandela.pt\/comunidade\/wp-json\/wp\/v2\/comments?post=3176"}],"version-history":[{"count":1,"href":"https:\/\/comunidade.aemirandela.pt\/comunidade\/wp-json\/wp\/v2\/posts\/3176\/revisions"}],"predecessor-version":[{"id":3179,"href":"https:\/\/comunidade.aemirandela.pt\/comunidade\/wp-json\/wp\/v2\/posts\/3176\/revisions\/3179"}],"wp:featuredmedia":[{"embeddable":true,"href":"https:\/\/comunidade.aemirandela.pt\/comunidade\/wp-json\/wp\/v2\/media\/3177"}],"wp:attachment":[{"href":"https:\/\/comunidade.aemirandela.pt\/comunidade\/wp-json\/wp\/v2\/media?parent=3176"}],"wp:term":[{"taxonomy":"category","embeddable":true,"href":"https:\/\/comunidade.aemirandela.pt\/comunidade\/wp-json\/wp\/v2\/categories?post=3176"},{"taxonomy":"post_tag","embeddable":true,"href":"https:\/\/comunidade.aemirandela.pt\/comunidade\/wp-json\/wp\/v2\/tags?post=3176"}],"curies":[{"name":"wp","href":"https:\/\/api.w.org\/{rel}","templated":true}]}}