{"id":3159,"date":"2026-04-29T08:01:14","date_gmt":"2026-04-29T08:01:14","guid":{"rendered":"https:\/\/comunidade.aemirandela.pt\/comunidade\/?p=3159"},"modified":"2026-04-29T08:02:31","modified_gmt":"2026-04-29T08:02:31","slug":"feira-de-emprego-empreendedorismos-e-orientacao-vocacional","status":"publish","type":"post","link":"https:\/\/comunidade.aemirandela.pt\/comunidade\/2026\/04\/29\/feira-de-emprego-empreendedorismos-e-orientacao-vocacional\/","title":{"rendered":"Feira de Emprego, Empreendedorismos e Orienta\u00e7\u00e3o Vocacional"},"content":{"rendered":"\n<p>De 21 a 23 de abril, os alunos dos Cursos Profissionais participaram ativamente na Feira de Emprego, Empreendedorismo e Orienta\u00e7\u00e3o Vocacional, atrav\u00e9s da dinamiza\u00e7\u00e3o de um stand e da presen\u00e7a em v\u00e1rias palestras e sess\u00f5es de informa\u00e7\u00e3o, realizadas no Audit\u00f3rio Municipal e no Parque do Imp\u00e9rio. Esta participa\u00e7\u00e3o constituiu uma oportunidade muito relevante para dar visibilidade ao trabalho desenvolvido no Agrupamento e, simultaneamente, proporcionar aos alunos contacto com diferentes realidades profissionais e formativas. A experi\u00eancia revelou-se especialmente importante para o desenvolvimento de compet\u00eancias pessoais, sociais e profissionais, refor\u00e7ando o valor do ensino profissional na prepara\u00e7\u00e3o dos jovens para o futuro. O Agrupamento felicita todos os alunos e professores envolvidos pelo empenho e pela forma exemplar como representaram a escola.<\/p>\n\n\n\n<figure class=\"wp-block-gallery has-nested-images columns-default is-cropped wp-block-gallery-1 is-layout-flex wp-block-gallery-is-layout-flex\">\n<figure class=\"wp-block-image size-large\"><img loading=\"lazy\" decoding=\"async\" width=\"1024\" height=\"683\" data-id=\"3169\" src=\"https:\/\/comunidade.aemirandela.pt\/comunidade\/wp-content\/uploads\/2026\/04\/pimp1-Maria-Jose-Pereira-1-1024x683.jpg\" alt=\"\" class=\"wp-image-3169\" srcset=\"https:\/\/comunidade.aemirandela.pt\/comunidade\/wp-content\/uploads\/2026\/04\/pimp1-Maria-Jose-Pereira-1-1024x683.jpg 1024w, https:\/\/comunidade.aemirandela.pt\/comunidade\/wp-content\/uploads\/2026\/04\/pimp1-Maria-Jose-Pereira-1-300x200.jpg 300w, https:\/\/comunidade.aemirandela.pt\/comunidade\/wp-content\/uploads\/2026\/04\/pimp1-Maria-Jose-Pereira-1-768x512.jpg 768w, https:\/\/comunidade.aemirandela.pt\/comunidade\/wp-content\/uploads\/2026\/04\/pimp1-Maria-Jose-Pereira-1.jpg 1500w\" sizes=\"auto, (max-width: 1024px) 100vw, 1024px\" \/><\/figure>\n\n\n\n<figure class=\"wp-block-image size-large\"><img loading=\"lazy\" decoding=\"async\" width=\"1024\" height=\"683\" data-id=\"3167\" src=\"https:\/\/comunidade.aemirandela.pt\/comunidade\/wp-content\/uploads\/2026\/04\/robot1-Maria-Jose-Pereira-2-1024x683.jpg\" alt=\"\" class=\"wp-image-3167\" srcset=\"https:\/\/comunidade.aemirandela.pt\/comunidade\/wp-content\/uploads\/2026\/04\/robot1-Maria-Jose-Pereira-2-1024x683.jpg 1024w, https:\/\/comunidade.aemirandela.pt\/comunidade\/wp-content\/uploads\/2026\/04\/robot1-Maria-Jose-Pereira-2-300x200.jpg 300w, https:\/\/comunidade.aemirandela.pt\/comunidade\/wp-content\/uploads\/2026\/04\/robot1-Maria-Jose-Pereira-2-768x512.jpg 768w, https:\/\/comunidade.aemirandela.pt\/comunidade\/wp-content\/uploads\/2026\/04\/robot1-Maria-Jose-Pereira-2.jpg 1500w\" sizes=\"auto, (max-width: 1024px) 100vw, 1024px\" \/><\/figure>\n\n\n\n<figure class=\"wp-block-image size-large\"><img loading=\"lazy\" decoding=\"async\" width=\"1024\" height=\"683\" data-id=\"3168\" src=\"https:\/\/comunidade.aemirandela.pt\/comunidade\/wp-content\/uploads\/2026\/04\/stand-Maria-Jose-Pereira-1-1024x683.jpg\" alt=\"\" class=\"wp-image-3168\" srcset=\"https:\/\/comunidade.aemirandela.pt\/comunidade\/wp-content\/uploads\/2026\/04\/stand-Maria-Jose-Pereira-1-1024x683.jpg 1024w, https:\/\/comunidade.aemirandela.pt\/comunidade\/wp-content\/uploads\/2026\/04\/stand-Maria-Jose-Pereira-1-300x200.jpg 300w, https:\/\/comunidade.aemirandela.pt\/comunidade\/wp-content\/uploads\/2026\/04\/stand-Maria-Jose-Pereira-1-768x512.jpg 768w, https:\/\/comunidade.aemirandela.pt\/comunidade\/wp-content\/uploads\/2026\/04\/stand-Maria-Jose-Pereira-1.jpg 1500w\" sizes=\"auto, (max-width: 1024px) 100vw, 1024px\" \/><\/figure>\n\n\n\n<figure class=\"wp-block-image size-large\"><img loading=\"lazy\" decoding=\"async\" width=\"1024\" height=\"771\" data-id=\"3166\" src=\"https:\/\/comunidade.aemirandela.pt\/comunidade\/wp-content\/uploads\/2026\/04\/stand1-Maria-Jose-Pereira-1-1024x771.jpeg\" alt=\"\" class=\"wp-image-3166\" srcset=\"https:\/\/comunidade.aemirandela.pt\/comunidade\/wp-content\/uploads\/2026\/04\/stand1-Maria-Jose-Pereira-1-1024x771.jpeg 1024w, https:\/\/comunidade.aemirandela.pt\/comunidade\/wp-content\/uploads\/2026\/04\/stand1-Maria-Jose-Pereira-1-300x226.jpeg 300w, https:\/\/comunidade.aemirandela.pt\/comunidade\/wp-content\/uploads\/2026\/04\/stand1-Maria-Jose-Pereira-1-768x578.jpeg 768w, https:\/\/comunidade.aemirandela.pt\/comunidade\/wp-content\/uploads\/2026\/04\/stand1-Maria-Jose-Pereira-1-1536x1157.jpeg 1536w, https:\/\/comunidade.aemirandela.pt\/comunidade\/wp-content\/uploads\/2026\/04\/stand1-Maria-Jose-Pereira-1.jpeg 2040w\" sizes=\"auto, (max-width: 1024px) 100vw, 1024px\" \/><\/figure>\n<\/figure>\n","protected":false},"excerpt":{"rendered":"<p>De 21 a 23 de abril, os alunos dos Cursos Profissionais participaram ativamente na Feira de Emprego, Empreendedorismo e Orienta\u00e7\u00e3o &hellip; <\/p>\n","protected":false},"author":1,"featured_media":3162,"comment_status":"closed","ping_status":"closed","sticky":false,"template":"","format":"standard","meta":{"footnotes":""},"categories":[36],"tags":[17],"class_list":["post-3159","post","type-post","status-publish","format-standard","has-post-thumbnail","hentry","category-atividades","tag-cursos_profissionais"],"_links":{"self":[{"href":"https:\/\/comunidade.aemirandela.pt\/comunidade\/wp-json\/wp\/v2\/posts\/3159","targetHints":{"allow":["GET"]}}],"collection":[{"href":"https:\/\/comunidade.aemirandela.pt\/comunidade\/wp-json\/wp\/v2\/posts"}],"about":[{"href":"https:\/\/comunidade.aemirandela.pt\/comunidade\/wp-json\/wp\/v2\/types\/post"}],"author":[{"embeddable":true,"href":"https:\/\/comunidade.aemirandela.pt\/comunidade\/wp-json\/wp\/v2\/users\/1"}],"replies":[{"embeddable":true,"href":"https:\/\/comunidade.aemirandela.pt\/comunidade\/wp-json\/wp\/v2\/comments?post=3159"}],"version-history":[{"count":1,"href":"https:\/\/comunidade.aemirandela.pt\/comunidade\/wp-json\/wp\/v2\/posts\/3159\/revisions"}],"predecessor-version":[{"id":3170,"href":"https:\/\/comunidade.aemirandela.pt\/comunidade\/wp-json\/wp\/v2\/posts\/3159\/revisions\/3170"}],"wp:featuredmedia":[{"embeddable":true,"href":"https:\/\/comunidade.aemirandela.pt\/comunidade\/wp-json\/wp\/v2\/media\/3162"}],"wp:attachment":[{"href":"https:\/\/comunidade.aemirandela.pt\/comunidade\/wp-json\/wp\/v2\/media?parent=3159"}],"wp:term":[{"taxonomy":"category","embeddable":true,"href":"https:\/\/comunidade.aemirandela.pt\/comunidade\/wp-json\/wp\/v2\/categories?post=3159"},{"taxonomy":"post_tag","embeddable":true,"href":"https:\/\/comunidade.aemirandela.pt\/comunidade\/wp-json\/wp\/v2\/tags?post=3159"}],"curies":[{"name":"wp","href":"https:\/\/api.w.org\/{rel}","templated":true}]}}