{"id":3152,"date":"2026-04-27T10:41:11","date_gmt":"2026-04-27T10:41:11","guid":{"rendered":"https:\/\/comunidade.aemirandela.pt\/comunidade\/?p=3152"},"modified":"2026-04-27T10:41:12","modified_gmt":"2026-04-27T10:41:12","slug":"semana-da-terra","status":"publish","type":"post","link":"https:\/\/comunidade.aemirandela.pt\/comunidade\/2026\/04\/27\/semana-da-terra\/","title":{"rendered":"Semana da Terra"},"content":{"rendered":"\n<p>Na semana de 20 a 24 de abril, o Jardim de Inf\u00e2ncia da Escola B\u00e1sica de Torre Dona Chama dinamizou a Semana da Terra com um conjunto de atividades e propostas pedag\u00f3gicas. Destacaram-se a sess\u00e3o de ioga ao ar livre, realizada em articula\u00e7\u00e3o com a mediadora lingu\u00edstica e cultural do Agrupamento de Escolas de Mirandela, o acampamento no recinto escolar e a realiza\u00e7\u00e3o de um percurso sensorial com elementos da natureza (areia, terra, pedras, paus, folhas secas, relva e palha). As crian\u00e7as tiveram ainda oportunidade de explorar materiais indiferenciados e participaram no \u201cdia da praia\u201d, com a recria\u00e7\u00e3o de brincadeiras na areia. Esta iniciativa teve como principais objetivos sensibilizar as crian\u00e7as para a import\u00e2ncia da preserva\u00e7\u00e3o do meio ambiente, promover o contacto direto com a natureza, estimular os sentidos e a criatividade, incentivar h\u00e1bitos de vida saud\u00e1veis e fomentar o respeito pelo planeta. Procurou-se tamb\u00e9m desenvolver compet\u00eancias sociais, como a coopera\u00e7\u00e3o, a partilha e o trabalho em grupo. A Semana da Terra decorreu de forma muito positiva, tendo sido bem acolhida pelas crian\u00e7as, que participaram com entusiasmo em todas as atividades propostas, revelando grande interesse, envolvimento e alegria ao longo de toda a semana. <\/p>\n\n\n\n<p><em>Anabela Duarte Coelho<\/em><\/p>\n\n\n\n<figure class=\"wp-block-gallery has-nested-images columns-default is-cropped wp-block-gallery-1 is-layout-flex wp-block-gallery-is-layout-flex\">\n<figure class=\"wp-block-image size-large\"><img loading=\"lazy\" decoding=\"async\" width=\"768\" height=\"1024\" data-id=\"3157\" src=\"https:\/\/comunidade.aemirandela.pt\/comunidade\/wp-content\/uploads\/2026\/04\/IMG_20260424_211424-Anabela-Coelho-768x1024.jpg\" alt=\"\" class=\"wp-image-3157\" srcset=\"https:\/\/comunidade.aemirandela.pt\/comunidade\/wp-content\/uploads\/2026\/04\/IMG_20260424_211424-Anabela-Coelho-768x1024.jpg 768w, https:\/\/comunidade.aemirandela.pt\/comunidade\/wp-content\/uploads\/2026\/04\/IMG_20260424_211424-Anabela-Coelho-225x300.jpg 225w, https:\/\/comunidade.aemirandela.pt\/comunidade\/wp-content\/uploads\/2026\/04\/IMG_20260424_211424-Anabela-Coelho-1152x1536.jpg 1152w, https:\/\/comunidade.aemirandela.pt\/comunidade\/wp-content\/uploads\/2026\/04\/IMG_20260424_211424-Anabela-Coelho-1536x2048.jpg 1536w, https:\/\/comunidade.aemirandela.pt\/comunidade\/wp-content\/uploads\/2026\/04\/IMG_20260424_211424-Anabela-Coelho-scaled.jpg 1920w\" sizes=\"auto, (max-width: 768px) 100vw, 768px\" \/><\/figure>\n\n\n\n<figure class=\"wp-block-image size-large\"><img loading=\"lazy\" decoding=\"async\" width=\"768\" height=\"1024\" data-id=\"3156\" src=\"https:\/\/comunidade.aemirandela.pt\/comunidade\/wp-content\/uploads\/2026\/04\/IMG_20260424_211122-Anabela-Coelho-768x1024.jpg\" alt=\"\" class=\"wp-image-3156\" srcset=\"https:\/\/comunidade.aemirandela.pt\/comunidade\/wp-content\/uploads\/2026\/04\/IMG_20260424_211122-Anabela-Coelho-768x1024.jpg 768w, https:\/\/comunidade.aemirandela.pt\/comunidade\/wp-content\/uploads\/2026\/04\/IMG_20260424_211122-Anabela-Coelho-225x300.jpg 225w, https:\/\/comunidade.aemirandela.pt\/comunidade\/wp-content\/uploads\/2026\/04\/IMG_20260424_211122-Anabela-Coelho-1152x1536.jpg 1152w, https:\/\/comunidade.aemirandela.pt\/comunidade\/wp-content\/uploads\/2026\/04\/IMG_20260424_211122-Anabela-Coelho-1536x2048.jpg 1536w, https:\/\/comunidade.aemirandela.pt\/comunidade\/wp-content\/uploads\/2026\/04\/IMG_20260424_211122-Anabela-Coelho-scaled.jpg 1920w\" sizes=\"auto, (max-width: 768px) 100vw, 768px\" \/><\/figure>\n\n\n\n<figure class=\"wp-block-image size-large\"><img loading=\"lazy\" decoding=\"async\" width=\"768\" height=\"1024\" data-id=\"3155\" src=\"https:\/\/comunidade.aemirandela.pt\/comunidade\/wp-content\/uploads\/2026\/04\/IMG_20260424_211028-Anabela-Coelho-768x1024.jpg\" alt=\"\" class=\"wp-image-3155\" srcset=\"https:\/\/comunidade.aemirandela.pt\/comunidade\/wp-content\/uploads\/2026\/04\/IMG_20260424_211028-Anabela-Coelho-768x1024.jpg 768w, https:\/\/comunidade.aemirandela.pt\/comunidade\/wp-content\/uploads\/2026\/04\/IMG_20260424_211028-Anabela-Coelho-225x300.jpg 225w, https:\/\/comunidade.aemirandela.pt\/comunidade\/wp-content\/uploads\/2026\/04\/IMG_20260424_211028-Anabela-Coelho-1152x1536.jpg 1152w, https:\/\/comunidade.aemirandela.pt\/comunidade\/wp-content\/uploads\/2026\/04\/IMG_20260424_211028-Anabela-Coelho-1536x2048.jpg 1536w, https:\/\/comunidade.aemirandela.pt\/comunidade\/wp-content\/uploads\/2026\/04\/IMG_20260424_211028-Anabela-Coelho-scaled.jpg 1920w\" sizes=\"auto, (max-width: 768px) 100vw, 768px\" \/><\/figure>\n\n\n\n<figure class=\"wp-block-image size-large\"><img loading=\"lazy\" decoding=\"async\" width=\"768\" height=\"1024\" data-id=\"3154\" src=\"https:\/\/comunidade.aemirandela.pt\/comunidade\/wp-content\/uploads\/2026\/04\/IMG_20260424_210931-Anabela-Coelho-768x1024.jpg\" alt=\"\" class=\"wp-image-3154\" srcset=\"https:\/\/comunidade.aemirandela.pt\/comunidade\/wp-content\/uploads\/2026\/04\/IMG_20260424_210931-Anabela-Coelho-768x1024.jpg 768w, https:\/\/comunidade.aemirandela.pt\/comunidade\/wp-content\/uploads\/2026\/04\/IMG_20260424_210931-Anabela-Coelho-225x300.jpg 225w, https:\/\/comunidade.aemirandela.pt\/comunidade\/wp-content\/uploads\/2026\/04\/IMG_20260424_210931-Anabela-Coelho-1152x1536.jpg 1152w, https:\/\/comunidade.aemirandela.pt\/comunidade\/wp-content\/uploads\/2026\/04\/IMG_20260424_210931-Anabela-Coelho-1536x2048.jpg 1536w, https:\/\/comunidade.aemirandela.pt\/comunidade\/wp-content\/uploads\/2026\/04\/IMG_20260424_210931-Anabela-Coelho-scaled.jpg 1920w\" sizes=\"auto, (max-width: 768px) 100vw, 768px\" \/><\/figure>\n\n\n\n<figure class=\"wp-block-image size-large\"><img loading=\"lazy\" decoding=\"async\" width=\"768\" height=\"1024\" data-id=\"3153\" src=\"https:\/\/comunidade.aemirandela.pt\/comunidade\/wp-content\/uploads\/2026\/04\/IMG_20260424_210655-Anabela-Coelho-768x1024.jpg\" alt=\"\" class=\"wp-image-3153\" srcset=\"https:\/\/comunidade.aemirandela.pt\/comunidade\/wp-content\/uploads\/2026\/04\/IMG_20260424_210655-Anabela-Coelho-768x1024.jpg 768w, https:\/\/comunidade.aemirandela.pt\/comunidade\/wp-content\/uploads\/2026\/04\/IMG_20260424_210655-Anabela-Coelho-225x300.jpg 225w, https:\/\/comunidade.aemirandela.pt\/comunidade\/wp-content\/uploads\/2026\/04\/IMG_20260424_210655-Anabela-Coelho-1152x1536.jpg 1152w, https:\/\/comunidade.aemirandela.pt\/comunidade\/wp-content\/uploads\/2026\/04\/IMG_20260424_210655-Anabela-Coelho-1536x2048.jpg 1536w, https:\/\/comunidade.aemirandela.pt\/comunidade\/wp-content\/uploads\/2026\/04\/IMG_20260424_210655-Anabela-Coelho-scaled.jpg 1920w\" sizes=\"auto, (max-width: 768px) 100vw, 768px\" \/><\/figure>\n\n\n\n<figure class=\"wp-block-image size-large\"><img loading=\"lazy\" decoding=\"async\" width=\"2160\" height=\"2880\" data-id=\"3150\" src=\"https:\/\/comunidade.aemirandela.pt\/comunidade\/wp-content\/uploads\/2026\/04\/IMG_20260423_211123-Anabela-Coelho.jpg\" alt=\"\" class=\"wp-image-3150\"\/><\/figure>\n<\/figure>\n","protected":false},"excerpt":{"rendered":"<p>Na semana de 20 a 24 de abril, o Jardim de Inf\u00e2ncia da Escola B\u00e1sica de Torre Dona Chama dinamizou &hellip; <\/p>\n","protected":false},"author":1,"featured_media":3157,"comment_status":"closed","ping_status":"closed","sticky":false,"template":"","format":"standard","meta":{"footnotes":""},"categories":[3],"tags":[12],"class_list":["post-3152","post","type-post","status-publish","format-standard","has-post-thumbnail","hentry","category-akademia","tag-pre-escolar"],"_links":{"self":[{"href":"https:\/\/comunidade.aemirandela.pt\/comunidade\/wp-json\/wp\/v2\/posts\/3152","targetHints":{"allow":["GET"]}}],"collection":[{"href":"https:\/\/comunidade.aemirandela.pt\/comunidade\/wp-json\/wp\/v2\/posts"}],"about":[{"href":"https:\/\/comunidade.aemirandela.pt\/comunidade\/wp-json\/wp\/v2\/types\/post"}],"author":[{"embeddable":true,"href":"https:\/\/comunidade.aemirandela.pt\/comunidade\/wp-json\/wp\/v2\/users\/1"}],"replies":[{"embeddable":true,"href":"https:\/\/comunidade.aemirandela.pt\/comunidade\/wp-json\/wp\/v2\/comments?post=3152"}],"version-history":[{"count":1,"href":"https:\/\/comunidade.aemirandela.pt\/comunidade\/wp-json\/wp\/v2\/posts\/3152\/revisions"}],"predecessor-version":[{"id":3158,"href":"https:\/\/comunidade.aemirandela.pt\/comunidade\/wp-json\/wp\/v2\/posts\/3152\/revisions\/3158"}],"wp:featuredmedia":[{"embeddable":true,"href":"https:\/\/comunidade.aemirandela.pt\/comunidade\/wp-json\/wp\/v2\/media\/3157"}],"wp:attachment":[{"href":"https:\/\/comunidade.aemirandela.pt\/comunidade\/wp-json\/wp\/v2\/media?parent=3152"}],"wp:term":[{"taxonomy":"category","embeddable":true,"href":"https:\/\/comunidade.aemirandela.pt\/comunidade\/wp-json\/wp\/v2\/categories?post=3152"},{"taxonomy":"post_tag","embeddable":true,"href":"https:\/\/comunidade.aemirandela.pt\/comunidade\/wp-json\/wp\/v2\/tags?post=3152"}],"curies":[{"name":"wp","href":"https:\/\/api.w.org\/{rel}","templated":true}]}}