{"id":3079,"date":"2026-03-23T11:56:51","date_gmt":"2026-03-23T11:56:51","guid":{"rendered":"https:\/\/comunidade.aemirandela.pt\/comunidade\/?p=3079"},"modified":"2026-03-23T11:56:52","modified_gmt":"2026-03-23T11:56:52","slug":"visita-as-instalacoes-dos-bombeiros-voluntarios-de-mirandela","status":"publish","type":"post","link":"https:\/\/comunidade.aemirandela.pt\/comunidade\/2026\/03\/23\/visita-as-instalacoes-dos-bombeiros-voluntarios-de-mirandela\/","title":{"rendered":"Visita \u00e0s instala\u00e7\u00f5es dos Bombeiros Volunt\u00e1rios de Mirandela"},"content":{"rendered":"\n<p>Os alunos do 1\u00ba ano, Curso Profissional T\u00e9cnico Auxiliar de Sa\u00fade, no dia 18 de mar\u00e7o, tiveram a oportunidade de conhecer os equipamentos, a din\u00e2mica comunicacional, de relacionamento interpessoal e o funcionamento dos servi\u00e7os do corpo de Bombeiros Volunt\u00e1rios de Mirandela. Atendendo \u00e0 especificidade da \u00e1rea de forma\u00e7\u00e3o foi proporcionada\/dinamizada uma sess\u00e3o de sensibiliza\u00e7\u00e3o\/demonstra\u00e7\u00e3o sobre \u00abManobras de Suporte B\u00e1sico de Vida.\u00bb<\/p>\n\n\n\n<figure class=\"wp-block-gallery has-nested-images columns-default is-cropped wp-block-gallery-1 is-layout-flex wp-block-gallery-is-layout-flex\">\n<figure class=\"wp-block-image size-full\"><img loading=\"lazy\" decoding=\"async\" width=\"600\" height=\"800\" data-id=\"3086\" src=\"https:\/\/comunidade.aemirandela.pt\/comunidade\/wp-content\/uploads\/2026\/03\/WhatsApp-Image-2026-03-18-at-18.08.24-2-Paulo-Pires.jpg\" alt=\"\" class=\"wp-image-3086\"\/><\/figure>\n\n\n\n<figure class=\"wp-block-image size-full\"><img loading=\"lazy\" decoding=\"async\" width=\"600\" height=\"800\" data-id=\"3084\" src=\"https:\/\/comunidade.aemirandela.pt\/comunidade\/wp-content\/uploads\/2026\/03\/WhatsApp-Image-2026-03-18-at-18.08.17-1-Paulo-Pires.jpg\" alt=\"\" class=\"wp-image-3084\"\/><\/figure>\n\n\n\n<figure class=\"wp-block-image size-full\"><img loading=\"lazy\" decoding=\"async\" width=\"600\" height=\"800\" data-id=\"3085\" src=\"https:\/\/comunidade.aemirandela.pt\/comunidade\/wp-content\/uploads\/2026\/03\/WhatsApp-Image-2026-03-18-at-18.08.23-1-Paulo-Pires.jpg\" alt=\"\" class=\"wp-image-3085\"\/><\/figure>\n\n\n\n<figure class=\"wp-block-image size-full\"><img loading=\"lazy\" decoding=\"async\" width=\"600\" height=\"800\" data-id=\"3083\" src=\"https:\/\/comunidade.aemirandela.pt\/comunidade\/wp-content\/uploads\/2026\/03\/WhatsApp-Image-2026-03-18-at-18.16.46-1-Paulo-Pires.jpg\" alt=\"\" class=\"wp-image-3083\"\/><\/figure>\n<\/figure>\n","protected":false},"excerpt":{"rendered":"<p>Os alunos do 1\u00ba ano, Curso Profissional T\u00e9cnico Auxiliar de Sa\u00fade, no dia 18 de mar\u00e7o, tiveram a oportunidade de &hellip; <\/p>\n","protected":false},"author":1,"featured_media":3081,"comment_status":"closed","ping_status":"closed","sticky":false,"template":"","format":"standard","meta":{"footnotes":""},"categories":[36],"tags":[],"class_list":["post-3079","post","type-post","status-publish","format-standard","has-post-thumbnail","hentry","category-atividades"],"_links":{"self":[{"href":"https:\/\/comunidade.aemirandela.pt\/comunidade\/wp-json\/wp\/v2\/posts\/3079","targetHints":{"allow":["GET"]}}],"collection":[{"href":"https:\/\/comunidade.aemirandela.pt\/comunidade\/wp-json\/wp\/v2\/posts"}],"about":[{"href":"https:\/\/comunidade.aemirandela.pt\/comunidade\/wp-json\/wp\/v2\/types\/post"}],"author":[{"embeddable":true,"href":"https:\/\/comunidade.aemirandela.pt\/comunidade\/wp-json\/wp\/v2\/users\/1"}],"replies":[{"embeddable":true,"href":"https:\/\/comunidade.aemirandela.pt\/comunidade\/wp-json\/wp\/v2\/comments?post=3079"}],"version-history":[{"count":2,"href":"https:\/\/comunidade.aemirandela.pt\/comunidade\/wp-json\/wp\/v2\/posts\/3079\/revisions"}],"predecessor-version":[{"id":3087,"href":"https:\/\/comunidade.aemirandela.pt\/comunidade\/wp-json\/wp\/v2\/posts\/3079\/revisions\/3087"}],"wp:featuredmedia":[{"embeddable":true,"href":"https:\/\/comunidade.aemirandela.pt\/comunidade\/wp-json\/wp\/v2\/media\/3081"}],"wp:attachment":[{"href":"https:\/\/comunidade.aemirandela.pt\/comunidade\/wp-json\/wp\/v2\/media?parent=3079"}],"wp:term":[{"taxonomy":"category","embeddable":true,"href":"https:\/\/comunidade.aemirandela.pt\/comunidade\/wp-json\/wp\/v2\/categories?post=3079"},{"taxonomy":"post_tag","embeddable":true,"href":"https:\/\/comunidade.aemirandela.pt\/comunidade\/wp-json\/wp\/v2\/tags?post=3079"}],"curies":[{"name":"wp","href":"https:\/\/api.w.org\/{rel}","templated":true}]}}