{"id":3005,"date":"2026-03-04T11:54:53","date_gmt":"2026-03-04T11:54:53","guid":{"rendered":"https:\/\/comunidade.aemirandela.pt\/comunidade\/?p=3005"},"modified":"2026-03-04T11:54:54","modified_gmt":"2026-03-04T11:54:54","slug":"visita-de-estudo-ao-porto-mayhem-at-the-manor","status":"publish","type":"post","link":"https:\/\/comunidade.aemirandela.pt\/comunidade\/2026\/03\/04\/visita-de-estudo-ao-porto-mayhem-at-the-manor\/","title":{"rendered":"Visita de Estudo ao Porto: Mayhem at the Manor"},"content":{"rendered":"\n<p>As turmas do Ensino Profissional realizaram, no dia 04 de fevereiro, uma visita de estudo ao Porto, com o principal objetivo de viverem uma experi\u00eancia cultural e educativa enriquecedora. O ponto alto da visita foi a exibi\u00e7\u00e3o da pe\u00e7a de teatro Mayhen at the Manor, organizada pela Expolingua Portugal 2026 e encenada pela companhia de teatro Interacting Theatre Company. A pe\u00e7a, totalmente em ingl\u00eas, foi concebida especialmente para estudantes, proporcionando uma aprendizagem interativa e imersiva. Durante a sess\u00e3o, alguns alunos foram convidados a subir ao palco e a participar na encena\u00e7\u00e3o, o que aumentou o seu envolvimento e confian\u00e7a na express\u00e3o oral em ingl\u00eas. A visita de estudo foi considerada um sucesso, atingindo plenamente os seus objetivos pedag\u00f3gicos. Os alunos mostraram-se motivados, participativos e aproveitaram ao m\u00e1ximo esta experi\u00eancia \u00fanica, que aliou lazer e aprendizagem de forma din\u00e2mica e divertida.<\/p>\n\n\n\n<p><i>Os docentes do grupo 330, Lurdes Neves e Lu\u00eds Duarte<\/i><\/p>\n\n\n\n<p><\/p>\n\n\n\n<figure class=\"wp-block-gallery has-nested-images columns-default is-cropped wp-block-gallery-1 is-layout-flex wp-block-gallery-is-layout-flex\">\n<figure class=\"wp-block-image size-large\"><img loading=\"lazy\" decoding=\"async\" width=\"768\" height=\"1024\" data-id=\"3009\" src=\"https:\/\/comunidade.aemirandela.pt\/comunidade\/wp-content\/uploads\/2026\/03\/WhatsApp-Image-2026-02-08-at-21.59.30-Maria-Martins-Neves-768x1024.jpeg\" alt=\"\" class=\"wp-image-3009\" srcset=\"https:\/\/comunidade.aemirandela.pt\/comunidade\/wp-content\/uploads\/2026\/03\/WhatsApp-Image-2026-02-08-at-21.59.30-Maria-Martins-Neves-768x1024.jpeg 768w, https:\/\/comunidade.aemirandela.pt\/comunidade\/wp-content\/uploads\/2026\/03\/WhatsApp-Image-2026-02-08-at-21.59.30-Maria-Martins-Neves-225x300.jpeg 225w, https:\/\/comunidade.aemirandela.pt\/comunidade\/wp-content\/uploads\/2026\/03\/WhatsApp-Image-2026-02-08-at-21.59.30-Maria-Martins-Neves-1152x1536.jpeg 1152w, https:\/\/comunidade.aemirandela.pt\/comunidade\/wp-content\/uploads\/2026\/03\/WhatsApp-Image-2026-02-08-at-21.59.30-Maria-Martins-Neves.jpeg 1200w\" sizes=\"auto, (max-width: 768px) 100vw, 768px\" \/><\/figure>\n\n\n\n<figure class=\"wp-block-image size-large\"><img loading=\"lazy\" decoding=\"async\" width=\"1024\" height=\"768\" data-id=\"3010\" src=\"https:\/\/comunidade.aemirandela.pt\/comunidade\/wp-content\/uploads\/2026\/03\/WhatsApp-Image-2026-02-08-at-21.59.30-2-Maria-Martins-Neves-1024x768.jpeg\" alt=\"\" class=\"wp-image-3010\" srcset=\"https:\/\/comunidade.aemirandela.pt\/comunidade\/wp-content\/uploads\/2026\/03\/WhatsApp-Image-2026-02-08-at-21.59.30-2-Maria-Martins-Neves-1024x768.jpeg 1024w, https:\/\/comunidade.aemirandela.pt\/comunidade\/wp-content\/uploads\/2026\/03\/WhatsApp-Image-2026-02-08-at-21.59.30-2-Maria-Martins-Neves-300x225.jpeg 300w, https:\/\/comunidade.aemirandela.pt\/comunidade\/wp-content\/uploads\/2026\/03\/WhatsApp-Image-2026-02-08-at-21.59.30-2-Maria-Martins-Neves-768x576.jpeg 768w, https:\/\/comunidade.aemirandela.pt\/comunidade\/wp-content\/uploads\/2026\/03\/WhatsApp-Image-2026-02-08-at-21.59.30-2-Maria-Martins-Neves-1536x1152.jpeg 1536w, https:\/\/comunidade.aemirandela.pt\/comunidade\/wp-content\/uploads\/2026\/03\/WhatsApp-Image-2026-02-08-at-21.59.30-2-Maria-Martins-Neves.jpeg 1600w\" sizes=\"auto, (max-width: 1024px) 100vw, 1024px\" \/><\/figure>\n\n\n\n<figure class=\"wp-block-image size-large\"><img loading=\"lazy\" decoding=\"async\" width=\"1024\" height=\"768\" data-id=\"3006\" src=\"https:\/\/comunidade.aemirandela.pt\/comunidade\/wp-content\/uploads\/2026\/03\/WhatsApp-Image-2026-02-08-at-21.59.30-6-Maria-Martins-Neves-1024x768.jpeg\" alt=\"\" class=\"wp-image-3006\" srcset=\"https:\/\/comunidade.aemirandela.pt\/comunidade\/wp-content\/uploads\/2026\/03\/WhatsApp-Image-2026-02-08-at-21.59.30-6-Maria-Martins-Neves-1024x768.jpeg 1024w, https:\/\/comunidade.aemirandela.pt\/comunidade\/wp-content\/uploads\/2026\/03\/WhatsApp-Image-2026-02-08-at-21.59.30-6-Maria-Martins-Neves-300x225.jpeg 300w, https:\/\/comunidade.aemirandela.pt\/comunidade\/wp-content\/uploads\/2026\/03\/WhatsApp-Image-2026-02-08-at-21.59.30-6-Maria-Martins-Neves-768x576.jpeg 768w, https:\/\/comunidade.aemirandela.pt\/comunidade\/wp-content\/uploads\/2026\/03\/WhatsApp-Image-2026-02-08-at-21.59.30-6-Maria-Martins-Neves-1536x1152.jpeg 1536w, https:\/\/comunidade.aemirandela.pt\/comunidade\/wp-content\/uploads\/2026\/03\/WhatsApp-Image-2026-02-08-at-21.59.30-6-Maria-Martins-Neves.jpeg 1600w\" sizes=\"auto, (max-width: 1024px) 100vw, 1024px\" \/><\/figure>\n\n\n\n<figure class=\"wp-block-image size-large\"><img loading=\"lazy\" decoding=\"async\" width=\"768\" height=\"1024\" data-id=\"3007\" src=\"https:\/\/comunidade.aemirandela.pt\/comunidade\/wp-content\/uploads\/2026\/03\/WhatsApp-Image-2026-02-08-at-21.59.30-7-Maria-Martins-Neves-768x1024.jpeg\" alt=\"\" class=\"wp-image-3007\" srcset=\"https:\/\/comunidade.aemirandela.pt\/comunidade\/wp-content\/uploads\/2026\/03\/WhatsApp-Image-2026-02-08-at-21.59.30-7-Maria-Martins-Neves-768x1024.jpeg 768w, https:\/\/comunidade.aemirandela.pt\/comunidade\/wp-content\/uploads\/2026\/03\/WhatsApp-Image-2026-02-08-at-21.59.30-7-Maria-Martins-Neves-225x300.jpeg 225w, https:\/\/comunidade.aemirandela.pt\/comunidade\/wp-content\/uploads\/2026\/03\/WhatsApp-Image-2026-02-08-at-21.59.30-7-Maria-Martins-Neves-1152x1536.jpeg 1152w, https:\/\/comunidade.aemirandela.pt\/comunidade\/wp-content\/uploads\/2026\/03\/WhatsApp-Image-2026-02-08-at-21.59.30-7-Maria-Martins-Neves.jpeg 1200w\" sizes=\"auto, (max-width: 768px) 100vw, 768px\" \/><\/figure>\n\n\n\n<figure class=\"wp-block-image size-large\"><img loading=\"lazy\" decoding=\"async\" width=\"768\" height=\"1024\" data-id=\"3008\" src=\"https:\/\/comunidade.aemirandela.pt\/comunidade\/wp-content\/uploads\/2026\/03\/WhatsApp-Image-2026-02-08-at-21.59.30-12-Maria-Martins-Neves-768x1024.jpeg\" alt=\"\" class=\"wp-image-3008\" srcset=\"https:\/\/comunidade.aemirandela.pt\/comunidade\/wp-content\/uploads\/2026\/03\/WhatsApp-Image-2026-02-08-at-21.59.30-12-Maria-Martins-Neves-768x1024.jpeg 768w, https:\/\/comunidade.aemirandela.pt\/comunidade\/wp-content\/uploads\/2026\/03\/WhatsApp-Image-2026-02-08-at-21.59.30-12-Maria-Martins-Neves-225x300.jpeg 225w, https:\/\/comunidade.aemirandela.pt\/comunidade\/wp-content\/uploads\/2026\/03\/WhatsApp-Image-2026-02-08-at-21.59.30-12-Maria-Martins-Neves-1152x1536.jpeg 1152w, https:\/\/comunidade.aemirandela.pt\/comunidade\/wp-content\/uploads\/2026\/03\/WhatsApp-Image-2026-02-08-at-21.59.30-12-Maria-Martins-Neves.jpeg 1200w\" sizes=\"auto, (max-width: 768px) 100vw, 768px\" \/><\/figure>\n<\/figure>\n","protected":false},"excerpt":{"rendered":"<p>As turmas do Ensino Profissional realizaram, no dia 04 de fevereiro, uma visita de estudo ao Porto, com o principal &hellip; <\/p>\n","protected":false},"author":1,"featured_media":3011,"comment_status":"closed","ping_status":"closed","sticky":false,"template":"","format":"standard","meta":{"footnotes":""},"categories":[3],"tags":[17],"class_list":["post-3005","post","type-post","status-publish","format-standard","has-post-thumbnail","hentry","category-akademia","tag-cursos_profissionais"],"_links":{"self":[{"href":"https:\/\/comunidade.aemirandela.pt\/comunidade\/wp-json\/wp\/v2\/posts\/3005","targetHints":{"allow":["GET"]}}],"collection":[{"href":"https:\/\/comunidade.aemirandela.pt\/comunidade\/wp-json\/wp\/v2\/posts"}],"about":[{"href":"https:\/\/comunidade.aemirandela.pt\/comunidade\/wp-json\/wp\/v2\/types\/post"}],"author":[{"embeddable":true,"href":"https:\/\/comunidade.aemirandela.pt\/comunidade\/wp-json\/wp\/v2\/users\/1"}],"replies":[{"embeddable":true,"href":"https:\/\/comunidade.aemirandela.pt\/comunidade\/wp-json\/wp\/v2\/comments?post=3005"}],"version-history":[{"count":1,"href":"https:\/\/comunidade.aemirandela.pt\/comunidade\/wp-json\/wp\/v2\/posts\/3005\/revisions"}],"predecessor-version":[{"id":3012,"href":"https:\/\/comunidade.aemirandela.pt\/comunidade\/wp-json\/wp\/v2\/posts\/3005\/revisions\/3012"}],"wp:featuredmedia":[{"embeddable":true,"href":"https:\/\/comunidade.aemirandela.pt\/comunidade\/wp-json\/wp\/v2\/media\/3011"}],"wp:attachment":[{"href":"https:\/\/comunidade.aemirandela.pt\/comunidade\/wp-json\/wp\/v2\/media?parent=3005"}],"wp:term":[{"taxonomy":"category","embeddable":true,"href":"https:\/\/comunidade.aemirandela.pt\/comunidade\/wp-json\/wp\/v2\/categories?post=3005"},{"taxonomy":"post_tag","embeddable":true,"href":"https:\/\/comunidade.aemirandela.pt\/comunidade\/wp-json\/wp\/v2\/tags?post=3005"}],"curies":[{"name":"wp","href":"https:\/\/api.w.org\/{rel}","templated":true}]}}