{"id":2984,"date":"2026-03-04T11:27:59","date_gmt":"2026-03-04T11:27:59","guid":{"rendered":"https:\/\/comunidade.aemirandela.pt\/comunidade\/?p=2984"},"modified":"2026-03-04T11:28:00","modified_gmt":"2026-03-04T11:28:00","slug":"dia-europeu-do-desporto-na-escola-2025-26","status":"publish","type":"post","link":"https:\/\/comunidade.aemirandela.pt\/comunidade\/2026\/03\/04\/dia-europeu-do-desporto-na-escola-2025-26\/","title":{"rendered":"Dia Europeu do Desporto na Escola 2025\/26"},"content":{"rendered":"\n<figure class=\"wp-block-image size-full\"><img loading=\"lazy\" decoding=\"async\" width=\"710\" height=\"107\" src=\"https:\/\/comunidade.aemirandela.pt\/comunidade\/wp-content\/uploads\/2026\/03\/adfd.png\" alt=\"\" class=\"wp-image-2985\" srcset=\"https:\/\/comunidade.aemirandela.pt\/comunidade\/wp-content\/uploads\/2026\/03\/adfd.png 710w, https:\/\/comunidade.aemirandela.pt\/comunidade\/wp-content\/uploads\/2026\/03\/adfd-300x45.png 300w\" sizes=\"auto, (max-width: 710px) 100vw, 710px\" \/><\/figure>\n\n\n<div class=\"wp-block-image\">\n<figure class=\"alignleft size-full is-resized\"><img loading=\"lazy\" decoding=\"async\" src=\"https:\/\/comunidade.aemirandela.pt\/comunidade\/wp-content\/uploads\/2026\/03\/Imagem2asdgag.jpg\" alt=\"\" class=\"wp-image-2986\" width=\"343\" height=\"238\" srcset=\"https:\/\/comunidade.aemirandela.pt\/comunidade\/wp-content\/uploads\/2026\/03\/Imagem2asdgag.jpg 722w, https:\/\/comunidade.aemirandela.pt\/comunidade\/wp-content\/uploads\/2026\/03\/Imagem2asdgag-300x208.jpg 300w\" sizes=\"auto, (max-width: 343px) 100vw, 343px\" \/><\/figure>\n<\/div>\n\n\n<p>A nossa escola celebrou com enorme entusiasmo o <strong>Dia Europeu do Desporto na Escola 2025\/26<\/strong>. O evento, que visou promover a atividade f\u00edsica e o bem-estar, transformou o recinto escolar num espa\u00e7o de pura vitalidade, onde o desporto se aliou \u00e0 m\u00fasica para criar um ambiente contagiante.<\/p>\n\n\n\n<p>O destaque do dia foi a energia impar\u00e1vel dos imensos participantes. Mesmo ap\u00f3s uma jornada longa e desafiante, o esp\u00edrito de persist\u00eancia prevaleceu. Entre ritmos vibrantes, os alunos demonstraram que, apesar do cansa\u00e7o f\u00edsico natural \u2014 com alguns a referirem brincando que o corpo j\u00e1 sentia o esfor\u00e7o \u2014, a vontade de &#8220;n\u00e3o parar&#8221; e de querer sempre mais foi a nota dominante.<\/p>\n\n\n<div class=\"wp-block-image\">\n<figure class=\"alignright size-large is-resized\"><img loading=\"lazy\" decoding=\"async\" src=\"https:\/\/comunidade.aemirandela.pt\/comunidade\/wp-content\/uploads\/2026\/03\/poiu-868x1024.png\" alt=\"\" class=\"wp-image-2987\" width=\"262\" height=\"309\" srcset=\"https:\/\/comunidade.aemirandela.pt\/comunidade\/wp-content\/uploads\/2026\/03\/poiu-868x1024.png 868w, https:\/\/comunidade.aemirandela.pt\/comunidade\/wp-content\/uploads\/2026\/03\/poiu-254x300.png 254w, https:\/\/comunidade.aemirandela.pt\/comunidade\/wp-content\/uploads\/2026\/03\/poiu-768x906.png 768w, https:\/\/comunidade.aemirandela.pt\/comunidade\/wp-content\/uploads\/2026\/03\/poiu-1302x1536.png 1302w, https:\/\/comunidade.aemirandela.pt\/comunidade\/wp-content\/uploads\/2026\/03\/poiu.png 1344w\" sizes=\"auto, (max-width: 262px) 100vw, 262px\" \/><\/figure>\n<\/div>\n\n\n<p>A atmosfera registada durante o evento foi pautada por uma vitalidade excecional, caracterizada por um fluxo ininterrupto de energia que se manteve durante todo o evento. A din\u00e2mica de participa\u00e7\u00e3o n\u00e3o foi apenas quantitativa, mas qualitativamente superior, evidenciando uma envolv\u00eancia total da comunidade educativa. Foi uma demonstra\u00e7\u00e3o clara de como o desporto, quando acompanhado pela m\u00fasica certa, consegue unir a comunidade escolar numa festa de sa\u00fade e alegria.<\/p>\n\n\n\n<p>O Dia Europeu do Desporto na Escola 2025\/26 saldou-se num sucesso inequ\u00edvoco, refor\u00e7ou a import\u00e2ncia de manter um estilo de vida ativo, provando que, com o ritmo certo e boa disposi\u00e7\u00e3o, n\u00e3o h\u00e1 limites para o que podemos alcan\u00e7ar.<\/p>\n\n\n\n<p>Ver em:<\/p>\n\n\n\n<p><a href=\"https:\/\/drive.google.com\/file\/d\/1qObljRpwC9s70XQroysC-VaLuGlFkjgu\/view?usp=classhttps:\/\/drive.google.com\/file\/d\/1qObljRpwC9s70XQroysC-VaLuGlFkjgu\/view?usp=classroom_web&amp;authuser=1room_web&amp;authuser=1\">https:\/\/drive.google.com\/file\/d\/1qObljRpwC9s70XQroysC-VaLuGlFkjgu\/view?usp=classhttps:\/\/drive.google.com\/file\/d\/1qObljRpwC9s70XQroysC-VaLuGlFkjgu\/view?usp=classroom_web&amp;authuser=1room_web&amp;authuser=1<\/a><\/p>\n","protected":false},"excerpt":{"rendered":"<p>A nossa escola celebrou com enorme entusiasmo o Dia Europeu do Desporto na Escola 2025\/26. O evento, que visou promover &hellip; <\/p>\n","protected":false},"author":4,"featured_media":2988,"comment_status":"closed","ping_status":"closed","sticky":false,"template":"","format":"standard","meta":{"footnotes":""},"categories":[3,28,36,22,8,6,21],"tags":[],"class_list":["post-2984","post","type-post","status-publish","format-standard","has-post-thumbnail","hentry","category-akademia","category-atividadescidadania","category-atividades","category-clubes","category-cursos-profisssionais","category-desporto","category-projetos"],"_links":{"self":[{"href":"https:\/\/comunidade.aemirandela.pt\/comunidade\/wp-json\/wp\/v2\/posts\/2984","targetHints":{"allow":["GET"]}}],"collection":[{"href":"https:\/\/comunidade.aemirandela.pt\/comunidade\/wp-json\/wp\/v2\/posts"}],"about":[{"href":"https:\/\/comunidade.aemirandela.pt\/comunidade\/wp-json\/wp\/v2\/types\/post"}],"author":[{"embeddable":true,"href":"https:\/\/comunidade.aemirandela.pt\/comunidade\/wp-json\/wp\/v2\/users\/4"}],"replies":[{"embeddable":true,"href":"https:\/\/comunidade.aemirandela.pt\/comunidade\/wp-json\/wp\/v2\/comments?post=2984"}],"version-history":[{"count":2,"href":"https:\/\/comunidade.aemirandela.pt\/comunidade\/wp-json\/wp\/v2\/posts\/2984\/revisions"}],"predecessor-version":[{"id":2997,"href":"https:\/\/comunidade.aemirandela.pt\/comunidade\/wp-json\/wp\/v2\/posts\/2984\/revisions\/2997"}],"wp:featuredmedia":[{"embeddable":true,"href":"https:\/\/comunidade.aemirandela.pt\/comunidade\/wp-json\/wp\/v2\/media\/2988"}],"wp:attachment":[{"href":"https:\/\/comunidade.aemirandela.pt\/comunidade\/wp-json\/wp\/v2\/media?parent=2984"}],"wp:term":[{"taxonomy":"category","embeddable":true,"href":"https:\/\/comunidade.aemirandela.pt\/comunidade\/wp-json\/wp\/v2\/categories?post=2984"},{"taxonomy":"post_tag","embeddable":true,"href":"https:\/\/comunidade.aemirandela.pt\/comunidade\/wp-json\/wp\/v2\/tags?post=2984"}],"curies":[{"name":"wp","href":"https:\/\/api.w.org\/{rel}","templated":true}]}}