{"id":2569,"date":"2025-03-18T09:27:48","date_gmt":"2025-03-18T09:27:48","guid":{"rendered":"https:\/\/comunidade.aemirandela.pt\/comunidade\/?p=2569"},"modified":"2025-03-18T09:27:49","modified_gmt":"2025-03-18T09:27:49","slug":"visita-de-estudo-ao-porto-a-fishermans-tale-mais-do-que-uma-simples-peca-de-teatro","status":"publish","type":"post","link":"https:\/\/comunidade.aemirandela.pt\/comunidade\/2025\/03\/18\/visita-de-estudo-ao-porto-a-fishermans-tale-mais-do-que-uma-simples-peca-de-teatro\/","title":{"rendered":"Visita de Estudo ao Porto: A Fisherman\u2019s Tale, mais do que uma simples pe\u00e7a de teatro!"},"content":{"rendered":"\n<p>As turmas do primeiro e segundo anos do Ensino Profissional realizaram, no dia 19 de fevereiro, uma visita de estudo ao Porto, com o principal objetivo de viverem uma experi\u00eancia cultural e educativa enriquecedora.<br>O ponto alto da visita foi a exibi\u00e7\u00e3o da pe\u00e7a de teatro A Fisherman\u2019s Tale, organizada pela Expolingua Portugal 2025 e encenada pela companhia de teatro Interacting Theatre Company. A pe\u00e7a, totalmente em ingl\u00eas, foi concebida especialmente para estudantes, proporcionando uma aprendizagem interativa e imersiva. Durante a sess\u00e3o, alguns alunos foram convidados a subir ao palco e a participar na encena\u00e7\u00e3o, o que aumentou o seu envolvimento e confian\u00e7a na express\u00e3o oral em ingl\u00eas.<br>A visita de estudo foi considerada um sucesso, atingindo plenamente os seus objetivos pedag\u00f3gicos. Os alunos mostraram-se motivados, participativos e aproveitaram ao m\u00e1ximo esta experi\u00eancia \u00fanica, que aliou lazer e aprendizagem de forma din\u00e2mica e divertida.<br>O nosso agradecimento \u00e0 C\u00e2mara Municipal de Mirandela, na pessoa da vereadora do pelouro da educa\u00e7\u00e3o, a Dr.\u00aa Vera Preto, que disponibilizou o transporte, sem o qual n\u00e3o teria sido poss\u00edvel proporcionar esta experi\u00eancia \u00fanica aos nossos alunos.<\/p>\n\n\n\n<p>Os docentes do grupo 330,<br>Lurdes Neves e Lu\u00eds Duarte<\/p>\n\n\n\n<figure class=\"wp-block-gallery has-nested-images columns-default is-cropped wp-block-gallery-1 is-layout-flex wp-block-gallery-is-layout-flex\">\n<figure class=\"wp-block-image size-large\"><img loading=\"lazy\" decoding=\"async\" width=\"768\" height=\"1024\" data-id=\"2571\" src=\"https:\/\/comunidade.aemirandela.pt\/comunidade\/wp-content\/uploads\/2025\/03\/IMG_2730-Luis-Duarte-768x1024.jpeg\" alt=\"\" class=\"wp-image-2571\" srcset=\"https:\/\/comunidade.aemirandela.pt\/comunidade\/wp-content\/uploads\/2025\/03\/IMG_2730-Luis-Duarte-768x1024.jpeg 768w, https:\/\/comunidade.aemirandela.pt\/comunidade\/wp-content\/uploads\/2025\/03\/IMG_2730-Luis-Duarte-225x300.jpeg 225w, https:\/\/comunidade.aemirandela.pt\/comunidade\/wp-content\/uploads\/2025\/03\/IMG_2730-Luis-Duarte-1152x1536.jpeg 1152w, https:\/\/comunidade.aemirandela.pt\/comunidade\/wp-content\/uploads\/2025\/03\/IMG_2730-Luis-Duarte.jpeg 1536w\" sizes=\"auto, (max-width: 768px) 100vw, 768px\" \/><\/figure>\n\n\n\n<figure class=\"wp-block-image size-large\"><img loading=\"lazy\" decoding=\"async\" width=\"768\" height=\"1024\" data-id=\"2577\" src=\"https:\/\/comunidade.aemirandela.pt\/comunidade\/wp-content\/uploads\/2025\/03\/IMG_2738-Luis-Duarte-768x1024.jpeg\" alt=\"\" class=\"wp-image-2577\" srcset=\"https:\/\/comunidade.aemirandela.pt\/comunidade\/wp-content\/uploads\/2025\/03\/IMG_2738-Luis-Duarte-768x1024.jpeg 768w, https:\/\/comunidade.aemirandela.pt\/comunidade\/wp-content\/uploads\/2025\/03\/IMG_2738-Luis-Duarte-225x300.jpeg 225w, https:\/\/comunidade.aemirandela.pt\/comunidade\/wp-content\/uploads\/2025\/03\/IMG_2738-Luis-Duarte-1152x1536.jpeg 1152w, https:\/\/comunidade.aemirandela.pt\/comunidade\/wp-content\/uploads\/2025\/03\/IMG_2738-Luis-Duarte.jpeg 1536w\" sizes=\"auto, (max-width: 768px) 100vw, 768px\" \/><\/figure>\n<\/figure>\n","protected":false},"excerpt":{"rendered":"<p>As turmas do primeiro e segundo anos do Ensino Profissional realizaram, no dia 19 de fevereiro, uma visita de estudo &hellip; <\/p>\n","protected":false},"author":22,"featured_media":2576,"comment_status":"closed","ping_status":"closed","sticky":false,"template":"","format":"standard","meta":{"footnotes":""},"categories":[3],"tags":[],"class_list":["post-2569","post","type-post","status-publish","format-standard","has-post-thumbnail","hentry","category-akademia"],"_links":{"self":[{"href":"https:\/\/comunidade.aemirandela.pt\/comunidade\/wp-json\/wp\/v2\/posts\/2569","targetHints":{"allow":["GET"]}}],"collection":[{"href":"https:\/\/comunidade.aemirandela.pt\/comunidade\/wp-json\/wp\/v2\/posts"}],"about":[{"href":"https:\/\/comunidade.aemirandela.pt\/comunidade\/wp-json\/wp\/v2\/types\/post"}],"author":[{"embeddable":true,"href":"https:\/\/comunidade.aemirandela.pt\/comunidade\/wp-json\/wp\/v2\/users\/22"}],"replies":[{"embeddable":true,"href":"https:\/\/comunidade.aemirandela.pt\/comunidade\/wp-json\/wp\/v2\/comments?post=2569"}],"version-history":[{"count":10,"href":"https:\/\/comunidade.aemirandela.pt\/comunidade\/wp-json\/wp\/v2\/posts\/2569\/revisions"}],"predecessor-version":[{"id":2593,"href":"https:\/\/comunidade.aemirandela.pt\/comunidade\/wp-json\/wp\/v2\/posts\/2569\/revisions\/2593"}],"wp:featuredmedia":[{"embeddable":true,"href":"https:\/\/comunidade.aemirandela.pt\/comunidade\/wp-json\/wp\/v2\/media\/2576"}],"wp:attachment":[{"href":"https:\/\/comunidade.aemirandela.pt\/comunidade\/wp-json\/wp\/v2\/media?parent=2569"}],"wp:term":[{"taxonomy":"category","embeddable":true,"href":"https:\/\/comunidade.aemirandela.pt\/comunidade\/wp-json\/wp\/v2\/categories?post=2569"},{"taxonomy":"post_tag","embeddable":true,"href":"https:\/\/comunidade.aemirandela.pt\/comunidade\/wp-json\/wp\/v2\/tags?post=2569"}],"curies":[{"name":"wp","href":"https:\/\/api.w.org\/{rel}","templated":true}]}}