{"id":2263,"date":"2024-06-28T16:46:48","date_gmt":"2024-06-28T16:46:48","guid":{"rendered":"https:\/\/comunidade.aemirandela.pt\/comunidade\/?p=2263"},"modified":"2024-06-28T16:46:49","modified_gmt":"2024-06-28T16:46:49","slug":"comemoracao-dos-50-anos-do-25-de-abril-na-escola-luciano-cordeiro","status":"publish","type":"post","link":"https:\/\/comunidade.aemirandela.pt\/comunidade\/2024\/06\/28\/comemoracao-dos-50-anos-do-25-de-abril-na-escola-luciano-cordeiro\/","title":{"rendered":"Comemora\u00e7\u00e3o dos 50 anos do 25 de Abril na Escola Luciano Cordeiro"},"content":{"rendered":"\n<p>Dia 24 de abril de 2024, na escola Luciano Cordeiro, foram feitas as comemora\u00e7\u00f5es dos 50 anos do 25 de abril. Para este dia, no \u00e2mbito da disciplina de Hist\u00f3ria e Geografia de Portugal, foi feita a pintura de camisolas. <\/p>\n\n\n\n<p>Alguns alunos da turma 6\u00ba F foram a todas as turmas da escola ler uns textos para que os colegas ficassem a compreender melhor o que foi o 25 de abril de 1974. No fim, todos os alunos de 5\u00ba e 6\u00ba anos foram para o polivalente assistir a um pequeno filme sobre o 25 de abril. Os alunos de 5\u00ba ano tinham baldes de pipocas e estavam algemados com algemas que fizeram na disciplina de Educa\u00e7\u00e3o Visual. Caso algu\u00e9m as rebentasse era preso pela PIDE. Um conjunto de alunos foi incumbido de ajudar na din\u00e2mica desta atividade e no fim acabaram por participar na limpeza do espa\u00e7o para que os alunos da prim\u00e1ria pudessem ver o filme nas mesmas condi\u00e7\u00f5es que os restantes. <\/p>\n\n\n\n<p>Na minha opini\u00e3o, todos os alunos gostaram deste dia, uns pelo que aprenderam, outros por n\u00e3o haver aulas. Foi um dia incr\u00edvel, pois pude descobrir coisas que os meus antepassados viveram e gostei de ser da PIDE e de estar com os meus amigos naquele ambiente de festa e descontra\u00e7\u00e3o. <\/p>\n\n\n\n<p>Joana S\u00e1 N\u00ba 9, 6\u00ba F<\/p>\n","protected":false},"excerpt":{"rendered":"<p>Dia 24 de abril de 2024, na escola Luciano Cordeiro, foram feitas as comemora\u00e7\u00f5es dos 50 anos do 25 de &hellip; <\/p>\n","protected":false},"author":22,"featured_media":2264,"comment_status":"closed","ping_status":"closed","sticky":false,"template":"","format":"standard","meta":{"footnotes":""},"categories":[3],"tags":[],"class_list":["post-2263","post","type-post","status-publish","format-standard","has-post-thumbnail","hentry","category-akademia"],"_links":{"self":[{"href":"https:\/\/comunidade.aemirandela.pt\/comunidade\/wp-json\/wp\/v2\/posts\/2263","targetHints":{"allow":["GET"]}}],"collection":[{"href":"https:\/\/comunidade.aemirandela.pt\/comunidade\/wp-json\/wp\/v2\/posts"}],"about":[{"href":"https:\/\/comunidade.aemirandela.pt\/comunidade\/wp-json\/wp\/v2\/types\/post"}],"author":[{"embeddable":true,"href":"https:\/\/comunidade.aemirandela.pt\/comunidade\/wp-json\/wp\/v2\/users\/22"}],"replies":[{"embeddable":true,"href":"https:\/\/comunidade.aemirandela.pt\/comunidade\/wp-json\/wp\/v2\/comments?post=2263"}],"version-history":[{"count":2,"href":"https:\/\/comunidade.aemirandela.pt\/comunidade\/wp-json\/wp\/v2\/posts\/2263\/revisions"}],"predecessor-version":[{"id":2266,"href":"https:\/\/comunidade.aemirandela.pt\/comunidade\/wp-json\/wp\/v2\/posts\/2263\/revisions\/2266"}],"wp:featuredmedia":[{"embeddable":true,"href":"https:\/\/comunidade.aemirandela.pt\/comunidade\/wp-json\/wp\/v2\/media\/2264"}],"wp:attachment":[{"href":"https:\/\/comunidade.aemirandela.pt\/comunidade\/wp-json\/wp\/v2\/media?parent=2263"}],"wp:term":[{"taxonomy":"category","embeddable":true,"href":"https:\/\/comunidade.aemirandela.pt\/comunidade\/wp-json\/wp\/v2\/categories?post=2263"},{"taxonomy":"post_tag","embeddable":true,"href":"https:\/\/comunidade.aemirandela.pt\/comunidade\/wp-json\/wp\/v2\/tags?post=2263"}],"curies":[{"name":"wp","href":"https:\/\/api.w.org\/{rel}","templated":true}]}}